{"id":1509,"date":"2023-05-10T09:01:25","date_gmt":"2023-05-10T08:01:25","guid":{"rendered":"http:\/\/glasundmeer.gallery\/?p=1509"},"modified":"2023-08-03T13:41:03","modified_gmt":"2023-08-03T12:41:03","slug":"die-galerie-glas-und-meer-eroeffnet-mit-neuem-konzept","status":"publish","type":"post","link":"https:\/\/glasundmeer.gallery\/?p=1509","title":{"rendered":"Die Galerie \u201eGlas und Meer\u201d er\u00f6ffnet mit neuem Konzept"},"content":{"rendered":"\n<p class=\"has-white-color has-text-color has-background\" style=\"background-color:#055466\">.Am 14. und am 21. Mai , sowie am Pfingstmontag von 14- 19 Uhr er\u00f6ffnet die Glasgalerie am L\u00fchedeich, Kurze Strasse 1 in Gr\u00fcnendeich, mit frischem Wind in den (Glas) Segeln.<\/p>\n\n\n\n<div class=\"wp-block-media-text is-stacked-on-mobile is-vertically-aligned-top has-white-color has-text-color has-background\" style=\"background-color:#055466;grid-template-columns:25% auto\"><figure class=\"wp-block-media-text__media\"><img decoding=\"async\" width=\"391\" height=\"1024\" src=\"http:\/\/glasundmeer.gallery\/wp-content\/uploads\/2023\/05\/glas-und-meer-schild-391x1024.png\" alt=\"\" class=\"wp-image-1511 size-large\" srcset=\"https:\/\/glasundmeer.gallery\/wp-content\/uploads\/2023\/05\/glas-und-meer-schild-391x1024.png 391w, https:\/\/glasundmeer.gallery\/wp-content\/uploads\/2023\/05\/glas-und-meer-schild-115x300.png 115w, https:\/\/glasundmeer.gallery\/wp-content\/uploads\/2023\/05\/glas-und-meer-schild-768x2011.png 768w, https:\/\/glasundmeer.gallery\/wp-content\/uploads\/2023\/05\/glas-und-meer-schild-587x1536.png 587w, https:\/\/glasundmeer.gallery\/wp-content\/uploads\/2023\/05\/glas-und-meer-schild-782x2048.png 782w, https:\/\/glasundmeer.gallery\/wp-content\/uploads\/2023\/05\/glas-und-meer-schild.png 794w\" sizes=\"(max-width: 391px) 100vw, 391px\" \/><\/figure><div class=\"wp-block-media-text__content\">\n<p class=\"has-white-color has-text-color has-background\" style=\"background-color:#055466\">Nach fast dreij\u00e4hriger Pause zeigt die Galerie viele neue Kunstwerke und erstmalig eine Werkschau der Bilder, die manchmal Quelle und Inspiration der Glaskunstwerke von Gundula Menking sind.<br>Besonders Pferdefreunde d\u00fcrfen sich auf \u00dcberraschungen freuen, aber auch Liebhaber maritimer Kunst werden, wie immer, vom Meer inspirierte Werke entdecken.<\/p>\n<\/div><\/div>\n\n\n\n<div class=\"wp-block-media-text has-media-on-the-right is-stacked-on-mobile has-white-color has-text-color has-background\" style=\"background-color:#055466;grid-template-columns:auto 25%\"><div class=\"wp-block-media-text__content\">\n<p>Dieses Jahr wird Gundula Menking auch im Ausland mit ihren Glaskunstwerken (Belgien: &#8222;<a rel=\"noreferrer noopener\" href=\"https:\/\/www.the-enchanted-garden.info\/2023\/ArtistPage.php?KeyName=gundula%20menking&amp;TemplateNeeded=1&amp;BannerNeeded=FALSE&amp;Language=en\" target=\"_blank\">the enchanted Garden<\/a>&#8222;) vertreten sein, sowie in der der <a rel=\"noreferrer noopener\" href=\"https:\/\/www.hafengalerie-neustrelitz.de\/\" target=\"_blank\">Hafengalerie in Neustrelitz<\/a> und im April wurde die <a href=\"https:\/\/www.buxtehude.de\/kultur-stadtmarketing\/kunstinsel\/\" target=\"_blank\" rel=\"noreferrer noopener\">Kunstinsel im Stadtpark Buxtehude<\/a> mit einer \u201eFriedensbootschaft\u201d er\u00f6ffnet.<\/p>\n\n\n\n<p>Gerne k\u00f6nnen Sie nach telefonischer Absprache auch au\u00dferhalb der Er\u00f6ffnungstage reinschauen. Gundula Menking freut sich auf Ihren Besuch.<\/p>\n<\/div><figure class=\"wp-block-media-text__media\"><img decoding=\"async\" width=\"391\" height=\"1024\" src=\"http:\/\/glasundmeer.gallery\/wp-content\/uploads\/2023\/05\/staendige-glaskunst-391x1024.png\" alt=\"\" class=\"wp-image-1512 size-large\" srcset=\"https:\/\/glasundmeer.gallery\/wp-content\/uploads\/2023\/05\/staendige-glaskunst-391x1024.png 391w, https:\/\/glasundmeer.gallery\/wp-content\/uploads\/2023\/05\/staendige-glaskunst-115x300.png 115w, https:\/\/glasundmeer.gallery\/wp-content\/uploads\/2023\/05\/staendige-glaskunst-768x2011.png 768w, https:\/\/glasundmeer.gallery\/wp-content\/uploads\/2023\/05\/staendige-glaskunst-587x1536.png 587w, https:\/\/glasundmeer.gallery\/wp-content\/uploads\/2023\/05\/staendige-glaskunst-782x2048.png 782w, https:\/\/glasundmeer.gallery\/wp-content\/uploads\/2023\/05\/staendige-glaskunst.png 794w\" sizes=\"(max-width: 391px) 100vw, 391px\" \/><\/figure><\/div>\n","protected":false},"excerpt":{"rendered":"<p>.Am 14. und am 21. Mai , sowie am Pfingstmontag von 14- 19 Uhr er\u00f6ffnet die Glasgalerie am L\u00fchedeich, Kurze Strasse 1 in Gr\u00fcnendeich, mit frischem Wind in den (Glas) Segeln. Nach fast dreij\u00e4hriger Pause zeigt die Galerie viele neue Kunstwerke und erstmalig eine Werkschau der Bilder, die manchmal Quelle und Inspiration der Glaskunstwerke von [&hellip;]<\/p>\n","protected":false},"author":1,"featured_media":1595,"comment_status":"closed","ping_status":"closed","sticky":false,"template":"","format":"standard","meta":{"footnotes":""},"categories":[1],"tags":[],"class_list":["post-1509","post","type-post","status-publish","format-standard","has-post-thumbnail","hentry","category-galerie-oeffnungstage"],"_links":{"self":[{"href":"https:\/\/glasundmeer.gallery\/index.php?rest_route=\/wp\/v2\/posts\/1509","targetHints":{"allow":["GET"]}}],"collection":[{"href":"https:\/\/glasundmeer.gallery\/index.php?rest_route=\/wp\/v2\/posts"}],"about":[{"href":"https:\/\/glasundmeer.gallery\/index.php?rest_route=\/wp\/v2\/types\/post"}],"author":[{"embeddable":true,"href":"https:\/\/glasundmeer.gallery\/index.php?rest_route=\/wp\/v2\/users\/1"}],"replies":[{"embeddable":true,"href":"https:\/\/glasundmeer.gallery\/index.php?rest_route=%2Fwp%2Fv2%2Fcomments&post=1509"}],"version-history":[{"count":7,"href":"https:\/\/glasundmeer.gallery\/index.php?rest_route=\/wp\/v2\/posts\/1509\/revisions"}],"predecessor-version":[{"id":1593,"href":"https:\/\/glasundmeer.gallery\/index.php?rest_route=\/wp\/v2\/posts\/1509\/revisions\/1593"}],"wp:featuredmedia":[{"embeddable":true,"href":"https:\/\/glasundmeer.gallery\/index.php?rest_route=\/wp\/v2\/media\/1595"}],"wp:attachment":[{"href":"https:\/\/glasundmeer.gallery\/index.php?rest_route=%2Fwp%2Fv2%2Fmedia&parent=1509"}],"wp:term":[{"taxonomy":"category","embeddable":true,"href":"https:\/\/glasundmeer.gallery\/index.php?rest_route=%2Fwp%2Fv2%2Fcategories&post=1509"},{"taxonomy":"post_tag","embeddable":true,"href":"https:\/\/glasundmeer.gallery\/index.php?rest_route=%2Fwp%2Fv2%2Ftags&post=1509"}],"curies":[{"name":"wp","href":"https:\/\/api.w.org\/{rel}","templated":true}]}}